{"id":1177,"date":"2017-08-16T10:30:10","date_gmt":"2017-08-16T10:30:10","guid":{"rendered":"http:\/\/reformacja.muzeumleszno.pl\/?p=1177"},"modified":"2017-08-16T10:31:18","modified_gmt":"2017-08-16T10:31:18","slug":"zyczenia-noworoczne","status":"publish","type":"post","link":"http:\/\/reformacja.muzeumleszno.pl\/?p=1177","title":{"rendered":"\u017byczenia noworoczne"},"content":{"rendered":"<p><img decoding=\"async\" loading=\"lazy\" class=\" wp-image-1041 alignright\" src=\"http:\/\/reformacja.muzeumleszno.pl\/wp-content\/uploads\/2017\/08\/55_42-184x300.jpg\" alt=\"\" width=\"274\" height=\"447\" srcset=\"http:\/\/reformacja.muzeumleszno.pl\/wp-content\/uploads\/2017\/08\/55_42-184x300.jpg 184w, http:\/\/reformacja.muzeumleszno.pl\/wp-content\/uploads\/2017\/08\/55_42-370x602.jpg 370w, http:\/\/reformacja.muzeumleszno.pl\/wp-content\/uploads\/2017\/08\/55_42.jpg 553w\" sizes=\"(max-width: 274px) 100vw, 274px\" \/><img decoding=\"async\" loading=\"lazy\" class=\"size-medium wp-image-1042 alignright\" src=\"http:\/\/reformacja.muzeumleszno.pl\/wp-content\/uploads\/2017\/08\/55_43-234x300.jpg\" alt=\"\" width=\"234\" height=\"300\" srcset=\"http:\/\/reformacja.muzeumleszno.pl\/wp-content\/uploads\/2017\/08\/55_43-234x300.jpg 234w, http:\/\/reformacja.muzeumleszno.pl\/wp-content\/uploads\/2017\/08\/55_43-370x474.jpg 370w, http:\/\/reformacja.muzeumleszno.pl\/wp-content\/uploads\/2017\/08\/55_43.jpg 703w\" sizes=\"(max-width: 234px) 100vw, 234px\" \/><\/p>\n<p>Druki noworoczne na lata 1774\u20131778<br \/>\ntrzy karty formatu <em>in folio<\/em>, jedna formatu\u00a0<em>in quarto<\/em> zadrukowana dwustronnie<br \/>\nMuzeum Okr\u0119gowe w Lesznie, nr inw. S.55\/40\u201343<br \/>\nz ko\u015bcio\u0142a Krzy\u017ca w Lesznie<\/p>\n<p>Karty z tekstem noworocznych \u017cycze\u0144 przeznaczone by\u0142y do \u015bpiewania, o czym informuj\u0105 wskaz\u00f3wki, na jak\u0105 melodi\u0119 nale\u017cy je wykonywa\u0107. \u201eNeu Jahr-Lied\u201d na 1774 rok pe\u0142ni\u0142a rol\u0119 \u201ecegie\u0142ki\u201d na pomoc dla ubogich uczni\u00f3w \u015bmigielskiej szko\u0142y. Teksty utwor\u00f3w maj\u0105 charakter dzi\u0119kczynno-b\u0142agalny.<br \/>\n\u017byczenia na rok 1778 podpisane zosta\u0142y z imienia i nazwiska przez kantora i organist\u0119 \u015bmigielskiej parafii, Christiana Schneidera. Funkcj\u0119 t\u0119 pe\u0142ni\u0142 jeszcze w 1812 roku. Zapewne spod jego pi\u00f3ra wysz\u0142y r\u00f3wnie\u017c pozosta\u0142e, niepodpisane, teksty. W tym czasie funkcj\u0119 pierwszego pastora pe\u0142nili: Gottfried Riedel w latach 1772\u20131775 i Johann David Wolff w latach 1777\u20131810.<\/p>\n<p>K. Szyma\u0144ska, <em>\u017byczenia noworoczne parafii lutera\u0144skich Leszna i \u015amigla z lat 1670\u20131790. Przyczynek do dziej\u00f3w literatury okoliczno\u015bciowej i obyczajowo\u015bci mieszcza\u0144skiej w po\u0142udniowo-zachodniej Wielkopolsce<\/em>, \u201eRoczniki Biblioteczne\u201d 54, 2010, s. 123\u2013136, K. Szyma\u0144ska, <em>Katalog starych druk\u00f3w Muzeum Okr\u0119gowego w Lesznie<\/em>, Leszno 2001, poz. 8, 9, 279, 342<br \/>\nKamila Szyma\u0144ska<\/p>\n","protected":false},"excerpt":{"rendered":"<p>Druki noworoczne na lata 1774\u20131778 trzy karty formatu in folio, jedna formatu\u00a0in quarto zadrukowana dwustronnie Muzeum Okr\u0119gowe w Lesznie, nr inw. S.55\/40\u201343 z ko\u015bcio\u0142a Krzy\u017ca w Lesznie Karty z tekstem noworocznych \u017cycze\u0144 przeznaczone by\u0142y do[&#8230;]<\/p>\n","protected":false},"author":2,"featured_media":0,"comment_status":"closed","ping_status":"open","sticky":false,"template":"","format":"standard","meta":[],"categories":[3],"tags":[19,16],"_links":{"self":[{"href":"http:\/\/reformacja.muzeumleszno.pl\/index.php?rest_route=\/wp\/v2\/posts\/1177"}],"collection":[{"href":"http:\/\/reformacja.muzeumleszno.pl\/index.php?rest_route=\/wp\/v2\/posts"}],"about":[{"href":"http:\/\/reformacja.muzeumleszno.pl\/index.php?rest_route=\/wp\/v2\/types\/post"}],"author":[{"embeddable":true,"href":"http:\/\/reformacja.muzeumleszno.pl\/index.php?rest_route=\/wp\/v2\/users\/2"}],"replies":[{"embeddable":true,"href":"http:\/\/reformacja.muzeumleszno.pl\/index.php?rest_route=%2Fwp%2Fv2%2Fcomments&post=1177"}],"version-history":[{"count":3,"href":"http:\/\/reformacja.muzeumleszno.pl\/index.php?rest_route=\/wp\/v2\/posts\/1177\/revisions"}],"predecessor-version":[{"id":1180,"href":"http:\/\/reformacja.muzeumleszno.pl\/index.php?rest_route=\/wp\/v2\/posts\/1177\/revisions\/1180"}],"wp:attachment":[{"href":"http:\/\/reformacja.muzeumleszno.pl\/index.php?rest_route=%2Fwp%2Fv2%2Fmedia&parent=1177"}],"wp:term":[{"taxonomy":"category","embeddable":true,"href":"http:\/\/reformacja.muzeumleszno.pl\/index.php?rest_route=%2Fwp%2Fv2%2Fcategories&post=1177"},{"taxonomy":"post_tag","embeddable":true,"href":"http:\/\/reformacja.muzeumleszno.pl\/index.php?rest_route=%2Fwp%2Fv2%2Ftags&post=1177"}],"curies":[{"name":"wp","href":"https:\/\/api.w.org\/{rel}","templated":true}]}}